{"id":4073,"date":"2020-10-21T14:15:00","date_gmt":"2020-10-21T17:15:00","guid":{"rendered":"https:\/\/sitehomolog.boavistatecnologia.com.br\/blog\/?p=4073"},"modified":"2022-07-22T12:00:27","modified_gmt":"2022-07-22T15:00:27","slug":"desbancarizados-a-vez-dos-sem-banco","status":"publish","type":"post","link":"https:\/\/boavistatecnologia.com.br\/blog\/desbancarizados-a-vez-dos-sem-banco\/","title":{"rendered":"Desbancarizados: a vez dos &#8220;sem banco&#8221; no mundo financeiro"},"content":{"rendered":"\n<p>De uns tempos para c\u00e1, um termo tem ganhado muito destaque no vocabul\u00e1rio do mundo financeiro: desbancarizados. Ele se refere \u00e0s pessoas que n\u00e3o t\u00eam conta banc\u00e1ria ou que n\u00e3o a movimentam h\u00e1 pelo menos seis meses. Esse \u00e9 o caso de cerca de 45 milh\u00f5es de brasileiros, <a href=\"https:\/\/www.ilocomotiva.com.br\/single-post\/2019\/09\/24\/Um-em-cada-tr%C3%AAs-brasileiros-n%C3%A3o-tem-conta-em-banco-mostra-pesquisa-Locomotiva\">segundo um estudo do Instituto Locomotiva<\/a> divulgado em 2019.<\/p>\n\n\n\n<p>Estima-se que essa popula\u00e7\u00e3o movimente cerca de 800 milh\u00f5es de reais todos os anos longe das contas banc\u00e1rias, o que especialistas apontam ser muito prejudicial para a economia. No entanto, o ano de 2020 mudou um pouco esse cen\u00e1rio, principalmente devido ao crescimento do uso de aplicativos de carteiras digitais.<\/p>\n\n\n\n<p>Neste post, explicamos um pouco sobre os desbancarizados e o que eles representam para nossa economia.<\/p>\n\n\n\n<h2 class=\"wp-block-heading\"><strong>Quem s\u00e3o os \u201cdesbancarizados\u201d?<\/strong><\/h2>\n\n\n\n<p>Estima-se que um a cada tr\u00eas brasileiros adultos \u00e9 \u201cdesbancarizado\u201d, ou seja, optou por n\u00e3o ter ou n\u00e3o utilizar sua conta banc\u00e1ria. Essas pessoas normalmente s\u00e3o microempreendedores individuais, ambulantes e aut\u00f4nomos que apenas recebem e fazem pagamentos em dinheiro vivo, sem o interm\u00e9dio de um banco.<\/p>\n\n\n\n<p>A pesquisa do Instituto Locomotiva estima que os desbancarizados sejam 29% da popula\u00e7\u00e3o adulta brasileira. Entre eles, 60% s\u00e3o mulheres, 70% s\u00e3o pretos ou pardos, e 86% pertencem \u00e0s classes C, D e E. A idade m\u00e9dia dessas pessoas \u00e9 de 37 anos, e a maior parte reside longe das grandes metr\u00f3poles.<\/p>\n\n\n\n<p>Os motivos apontados por essas pessoas para n\u00e3o terem conta no banco s\u00e3o diversos. Quase metade dos desbancarizados diz n\u00e3o confiar em bancos, e 29% diz preferir lidar com o dinheiro em esp\u00e9cie.<\/p>\n\n\n\n<h3 class=\"wp-block-heading\"><strong>O que isso significa para a economia?<\/strong><\/h3>\n\n\n\n<p>A principal consequ\u00eancia disso \u00e9 que essas pessoas n\u00e3o est\u00e3o inseridas na economia formal, portanto n\u00e3o t\u00eam acesso a cr\u00e9dito, empr\u00e9stimos e financiamentos.<\/p>\n\n\n\n<p>Caso precisem fazer uma compra de um valor um pouco mais elevado, como um eletrodom\u00e9stico, precisam pagar \u00e0 vista. Caso tivessem acesso aos servi\u00e7os banc\u00e1rios, poderiam pegar dinheiro emprestado ou realizar uma compra parcelada, por exemplo.<\/p>\n\n\n\n<p>Essa necessidade de fazer os pagamentos \u00e0 vista, sem cr\u00e9dito banc\u00e1rio, faz com que essas compras ocorram com mais dificuldade. Como \u00e9 uma parcela significativa da popula\u00e7\u00e3o que est\u00e1 nessa situa\u00e7\u00e3o, isso causa uma estagna\u00e7\u00e3o na economia, impedindo a circula\u00e7\u00e3o de capital.<\/p>\n\n\n\n<h2 class=\"wp-block-heading\"><strong>O papel dos bancos digitais e das fintechs<\/strong><\/h2>\n\n\n\n<p>Nos \u00faltimos anos, as startups financeiras v\u00eam ganhando for\u00e7a e popularidade, especialmente entre a gera\u00e7\u00e3o mais jovem. S\u00e3o as chamadas \u201c<a href=\"https:\/\/blog.nubank.com.br\/fintech-o-que-e\/\">fintechs<\/a>\u201d, que surgiram com a proposta de facilitar e desburocratizar o acesso a diversos servi\u00e7os banc\u00e1rios.<\/p>\n\n\n\n<p>Estamos falando principalmente dos chamados <a href=\"https:\/\/boavistatecnologia.com.br\/blog\/banco-digital\/\" class=\"rank-math-link\">bancos digitais<\/a>, como Nubank, Next, Neon, PicPay, entre outros. Essas institui\u00e7\u00f5es n\u00e3o t\u00eam ag\u00eancia f\u00edsica, fornecem contas banc\u00e1rias totalmente digitais, com transa\u00e7\u00f5es feitas 100% on-line, e t\u00eam uma comunica\u00e7\u00e3o mais direta e acess\u00edvel, menos burocracia e taxas de servi\u00e7o bem mais baixas, ou inexistentes.<\/p>\n\n\n\n<p>50% dos desbancarizados t\u00eam entre 16 e 34 anos, e as fintechs costumam fazer sucesso exatamente com esse p\u00fablico. \u00c9 por meio dos bancos digitais, muito mais acess\u00edveis que os bancos tradicionais, que essa parcela da popula\u00e7\u00e3o vem saindo da economia informal e tendo acesso aos servi\u00e7os banc\u00e1rios.<\/p>\n\n\n\n<h2 class=\"wp-block-heading\"><strong>A pandemia e o aux\u00edlio emergencial<\/strong><\/h2>\n\n\n\n<p>Outro fator contribuinte para que muitos desbancarizados passassem a ter acesso aos servi\u00e7os financeiros foi a pandemia do novo coronav\u00edrus.<\/p>\n\n\n\n<p>Por causa da crise sanit\u00e1ria e financeira, o governo federal passou a oferecer o chamado \u201caux\u00edlio emergencial\u201d, no valor de R$ 600, pago principalmente a trabalhadores informais que ficaram impossibilitados de trabalhar no per\u00edodo da pandemia.<\/p>\n\n\n\n<p>O cadastro e pagamento desse aux\u00edlio teve que ser feito, na maior parte, de forma digital e remota, a fim de evitar o contato f\u00edsico e promover o isolamento social.<\/p>\n\n\n\n<p>Para possibilitar o recebimento desse valor por essa popula\u00e7\u00e3o, o governo utilizou a Caixa Econ\u00f4mica Federal. As pessoas que ainda n\u00e3o tinham conta banc\u00e1ria tiveram uma conta digital aberta na caixa, que podia ser acessada pelo aplicativo celular Caixa Tem, uma esp\u00e9cie de carteira digital.<\/p>\n\n\n\n<p>Gra\u00e7as a esse movimento feito pelo governo e pela Caixa Econ\u00f4mica Federal para pagar o aux\u00edlio a esses trabalhadores, uma grande parcela deles deixou de ser \u201cdesbancarizado\u201d.<\/p>\n\n\n\n<h2 class=\"wp-block-heading\"><strong>E com a chegada do Pix&#8230;<\/strong><\/h2>\n\n\n\n<p>Outra novidade que promete acabar ainda mais com a desbancariza\u00e7\u00e3o no Brasil \u00e9 o chamado <a href=\"https:\/\/boavistatecnologia.com.br\/blog\/pix\/\">Pix<\/a>. O sistema, criado pelo Banco Central, deve entrar em opera\u00e7\u00e3o em meados de novembro, mas j\u00e1 \u00e9 poss\u00edvel realizar o cadastro e aderir.<\/p>\n\n\n\n<p>Esse sistema promete facilitar pagamentos, j\u00e1 que ser\u00e1 poss\u00edvel enviar e receber dinheiros com muito mais rapidez. O Pix vai permitir que as transfer\u00eancias sejam feitas todos os dias (mesmo em fins de semana e feriados) e em qualquer hor\u00e1rio. A ideia \u00e9 que a transa\u00e7\u00e3o seja conclu\u00edda em apenas 10 segundos.<\/p>\n\n\n\n<p>Al\u00e9m disso, para realizar a transfer\u00eancia, n\u00e3o ser\u00e1 necess\u00e1rio saber os dados banc\u00e1rios da pessoa. Apenas com um dado como CPF, n\u00famero de telefone ou e-mail j\u00e1 \u00e9 poss\u00edvel transferir o dinheiro.<\/p>\n\n\n\n<p>A perspectiva \u00e9 que o Pix se torne uma forma de pagamento muito utilizada, substituindo transfer\u00eancias por TED e DOC, boletos banc\u00e1rios e at\u00e9 mesmo o uso de cart\u00e3o de d\u00e9bito. Por\u00e9m, para utilizar o Pix ser\u00e1 necess\u00e1rio ter uma conta em banco, o que pode incentivar alguns desbancarizados a buscarem o servi\u00e7o.<\/p>\n\n\n\n<h2 class=\"wp-block-heading\"><strong>Perspectivas para o futuro<\/strong><\/h2>\n\n\n\n<p>Com todas essas mudan\u00e7as no setor banc\u00e1rio, a expectativa \u00e9 que o n\u00famero de desbancarizados diminua, e que isso fa\u00e7a a economia voltar a girar ap\u00f3s a crise. Por\u00e9m, para que isso aconte\u00e7a, \u00e9 preciso encontrar formas de resolver as dificuldades que essa popula\u00e7\u00e3o ter\u00e1 com a tecnologia.<\/p>\n\n\n\n<p>Como grande parte da popula\u00e7\u00e3o de desbancarizados \u00e9 das classes C em diante, o ideal \u00e9 que ocorra um movimento de inclus\u00e3o digital, buscando democratizar o acesso a essas ferramentas.<\/p>\n\n\n\n<p>Caso contr\u00e1rio, \u00e9 poss\u00edvel que grande parte dessas pessoas continue passando longe dos servi\u00e7os banc\u00e1rios.<\/p>\n\n\n\n<p>Gostou desse conte\u00fado? Assine nossa newsletter para ficar por dentro de todas as novidades do setor financeiro.<\/p>\n\n\n<div id=\"cta-newsletter-2-7c6ef190a8d5f8ff5fac\" role=\"main\">&nbsp;<\/div>\n<p><script type=\"text\/javascript\" src=\"https:\/\/d335luupugsy2.cloudfront.net\/js\/rdstation-forms\/stable\/rdstation-forms.min.js\"><\/script><br>\n<script type=\"text\/javascript\"> new RDStationForms('cta-newsletter-2-7c6ef190a8d5f8ff5fac', 'UA-63700591-1').createForm();<\/script><\/p>","protected":false},"excerpt":{"rendered":"<p>Desbancariza\u00e7\u00e3o escancara quest\u00f5es sociais no Brasil que interferem no cen\u00e1rio da Economia.<\/p>\n","protected":false},"author":8,"featured_media":4076,"comment_status":"open","ping_status":"open","sticky":false,"template":"","format":"standard","meta":{"_acf_changed":false,"footnotes":""},"categories":[222],"tags":[223,224,203,175,181],"class_list":["post-4073","post","type-post","status-publish","format-standard","has-post-thumbnail","hentry","category-setor-bancario","tag-bancos-digitais","tag-desbancarizaca","tag-desbancarizados","tag-open-banking","tag-pix","use-animation"],"acf":[],"yoast_head":"<!-- This site is optimized with the Yoast SEO plugin v26.8 - https:\/\/yoast.com\/product\/yoast-seo-wordpress\/ -->\n<title>Blog da Boavista | Concilia\u00e7\u00e3o Financeira<\/title>\n<meta name=\"description\" content=\"Uma plataforma de solu\u00e7\u00f5es em concilia\u00e7\u00e3o para uma gest\u00e3o financeira mais inteligente, previs\u00edvel e segura.\" \/>\n<meta name=\"robots\" content=\"index, follow, max-snippet:-1, max-image-preview:large, max-video-preview:-1\" \/>\n<link rel=\"canonical\" href=\"https:\/\/boavistatecnologia.com.br\/blog\/desbancarizados-a-vez-dos-sem-banco\/\" \/>\n<meta property=\"og:locale\" content=\"pt_BR\" \/>\n<meta property=\"og:type\" content=\"article\" \/>\n<meta property=\"og:title\" content=\"Blog da Boavista | Concilia\u00e7\u00e3o Financeira\" \/>\n<meta property=\"og:description\" content=\"Uma plataforma de solu\u00e7\u00f5es em concilia\u00e7\u00e3o para uma gest\u00e3o financeira mais inteligente, previs\u00edvel e segura.\" \/>\n<meta property=\"og:url\" content=\"https:\/\/boavistatecnologia.com.br\/blog\/desbancarizados-a-vez-dos-sem-banco\/\" \/>\n<meta property=\"og:site_name\" content=\"Blog da Boavista | Concilia\u00e7\u00e3o Financeira\" \/>\n<meta property=\"article:publisher\" content=\"https:\/\/www.facebook.com\/BoavistaTecnologia\" \/>\n<meta property=\"article:published_time\" content=\"2020-10-21T17:15:00+00:00\" \/>\n<meta property=\"article:modified_time\" content=\"2022-07-22T15:00:27+00:00\" \/>\n<meta property=\"og:image\" content=\"https:\/\/boavistatecnologia.com.br\/blog\/wp-content\/uploads\/2020\/10\/Desbancarizados-a-vez-dos-sem-bancos-e1603125704335.png\" \/>\n\t<meta property=\"og:image:width\" content=\"748\" \/>\n\t<meta property=\"og:image:height\" content=\"490\" \/>\n\t<meta property=\"og:image:type\" content=\"image\/png\" \/>\n<meta name=\"author\" content=\"Marcelo Siqueira\" \/>\n<meta name=\"twitter:card\" content=\"summary_large_image\" \/>\n<meta name=\"twitter:label1\" content=\"Escrito por\" \/>\n\t<meta name=\"twitter:data1\" content=\"Marcelo Siqueira\" \/>\n\t<meta name=\"twitter:label2\" content=\"Est. tempo de leitura\" \/>\n\t<meta name=\"twitter:data2\" content=\"5 minutos\" \/>\n<script type=\"application\/ld+json\" class=\"yoast-schema-graph\">{\"@context\":\"https:\/\/schema.org\",\"@graph\":[{\"@type\":\"Article\",\"@id\":\"https:\/\/boavistatecnologia.com.br\/blog\/desbancarizados-a-vez-dos-sem-banco\/#article\",\"isPartOf\":{\"@id\":\"https:\/\/boavistatecnologia.com.br\/blog\/desbancarizados-a-vez-dos-sem-banco\/\"},\"author\":{\"name\":\"Marcelo Siqueira\",\"@id\":\"https:\/\/boavistatecnologia.com.br\/blog\/#\/schema\/person\/0652146dbca5246aa03aea3c6d983381\"},\"headline\":\"Desbancarizados: a vez dos &#8220;sem banco&#8221; no mundo financeiro\",\"datePublished\":\"2020-10-21T17:15:00+00:00\",\"dateModified\":\"2022-07-22T15:00:27+00:00\",\"mainEntityOfPage\":{\"@id\":\"https:\/\/boavistatecnologia.com.br\/blog\/desbancarizados-a-vez-dos-sem-banco\/\"},\"wordCount\":1062,\"commentCount\":0,\"image\":{\"@id\":\"https:\/\/boavistatecnologia.com.br\/blog\/desbancarizados-a-vez-dos-sem-banco\/#primaryimage\"},\"thumbnailUrl\":\"https:\/\/boavistatecnologia.com.br\/blog\/wp-content\/uploads\/2020\/10\/Desbancarizados-a-vez-dos-sem-bancos-e1603125704335.png\",\"keywords\":[\"bancos digitais\",\"desbancariza\u00e7\u00e3\",\"desbancarizados\",\"open banking\",\"pix\"],\"articleSection\":[\"Setor banc\u00e1rio\"],\"inLanguage\":\"pt-BR\",\"potentialAction\":[{\"@type\":\"CommentAction\",\"name\":\"Comment\",\"target\":[\"https:\/\/boavistatecnologia.com.br\/blog\/desbancarizados-a-vez-dos-sem-banco\/#respond\"]}]},{\"@type\":\"WebPage\",\"@id\":\"https:\/\/boavistatecnologia.com.br\/blog\/desbancarizados-a-vez-dos-sem-banco\/\",\"url\":\"https:\/\/boavistatecnologia.com.br\/blog\/desbancarizados-a-vez-dos-sem-banco\/\",\"name\":\"Blog da Boavista | Concilia\u00e7\u00e3o Financeira\",\"isPartOf\":{\"@id\":\"https:\/\/boavistatecnologia.com.br\/blog\/#website\"},\"primaryImageOfPage\":{\"@id\":\"https:\/\/boavistatecnologia.com.br\/blog\/desbancarizados-a-vez-dos-sem-banco\/#primaryimage\"},\"image\":{\"@id\":\"https:\/\/boavistatecnologia.com.br\/blog\/desbancarizados-a-vez-dos-sem-banco\/#primaryimage\"},\"thumbnailUrl\":\"https:\/\/boavistatecnologia.com.br\/blog\/wp-content\/uploads\/2020\/10\/Desbancarizados-a-vez-dos-sem-bancos-e1603125704335.png\",\"datePublished\":\"2020-10-21T17:15:00+00:00\",\"dateModified\":\"2022-07-22T15:00:27+00:00\",\"author\":{\"@id\":\"https:\/\/boavistatecnologia.com.br\/blog\/#\/schema\/person\/0652146dbca5246aa03aea3c6d983381\"},\"description\":\"Uma plataforma de solu\u00e7\u00f5es em concilia\u00e7\u00e3o para uma gest\u00e3o financeira mais inteligente, previs\u00edvel e segura.\",\"breadcrumb\":{\"@id\":\"https:\/\/boavistatecnologia.com.br\/blog\/desbancarizados-a-vez-dos-sem-banco\/#breadcrumb\"},\"inLanguage\":\"pt-BR\",\"potentialAction\":[{\"@type\":\"ReadAction\",\"target\":[\"https:\/\/boavistatecnologia.com.br\/blog\/desbancarizados-a-vez-dos-sem-banco\/\"]}]},{\"@type\":\"ImageObject\",\"inLanguage\":\"pt-BR\",\"@id\":\"https:\/\/boavistatecnologia.com.br\/blog\/desbancarizados-a-vez-dos-sem-banco\/#primaryimage\",\"url\":\"https:\/\/boavistatecnologia.com.br\/blog\/wp-content\/uploads\/2020\/10\/Desbancarizados-a-vez-dos-sem-bancos-e1603125704335.png\",\"contentUrl\":\"https:\/\/boavistatecnologia.com.br\/blog\/wp-content\/uploads\/2020\/10\/Desbancarizados-a-vez-dos-sem-bancos-e1603125704335.png\",\"width\":748,\"height\":490,\"caption\":\"Desbancarizados: a vez dos sem bancos no setor financeiro\"},{\"@type\":\"BreadcrumbList\",\"@id\":\"https:\/\/boavistatecnologia.com.br\/blog\/desbancarizados-a-vez-dos-sem-banco\/#breadcrumb\",\"itemListElement\":[{\"@type\":\"ListItem\",\"position\":1,\"name\":\"In\u00edcio\",\"item\":\"https:\/\/boavistatecnologia.com.br\/blog\/\"},{\"@type\":\"ListItem\",\"position\":2,\"name\":\"Desbancarizados: a vez dos &#8220;sem banco&#8221; no mundo financeiro\"}]},{\"@type\":\"WebSite\",\"@id\":\"https:\/\/boavistatecnologia.com.br\/blog\/#website\",\"url\":\"https:\/\/boavistatecnologia.com.br\/blog\/\",\"name\":\"Blog da Boavista | Concilia\u00e7\u00e3o de Receb\u00edveis\",\"description\":\"Uma plataforma de solu\u00e7\u00f5es em concilia\u00e7\u00e3o para uma gest\u00e3o de receb\u00edveis mais inteligente, previs\u00edvel e segura.\",\"alternateName\":\"Blog da Boavista | Concilia\u00e7\u00e3o de Receb\u00edveis\",\"potentialAction\":[{\"@type\":\"SearchAction\",\"target\":{\"@type\":\"EntryPoint\",\"urlTemplate\":\"https:\/\/boavistatecnologia.com.br\/blog\/?s={search_term_string}\"},\"query-input\":{\"@type\":\"PropertyValueSpecification\",\"valueRequired\":true,\"valueName\":\"search_term_string\"}}],\"inLanguage\":\"pt-BR\"},{\"@type\":\"Person\",\"@id\":\"https:\/\/boavistatecnologia.com.br\/blog\/#\/schema\/person\/0652146dbca5246aa03aea3c6d983381\",\"name\":\"Marcelo Siqueira\",\"image\":{\"@type\":\"ImageObject\",\"inLanguage\":\"pt-BR\",\"@id\":\"https:\/\/boavistatecnologia.com.br\/blog\/#\/schema\/person\/image\/\",\"url\":\"https:\/\/boavistatecnologia.com.br\/blog\/wp-content\/uploads\/2022\/07\/marcelo-150x150.png\",\"contentUrl\":\"https:\/\/boavistatecnologia.com.br\/blog\/wp-content\/uploads\/2022\/07\/marcelo-150x150.png\",\"caption\":\"Marcelo Siqueira\"},\"description\":\"Diretor de Produtos | Boavista Tecnologia\",\"url\":\"https:\/\/boavistatecnologia.com.br\/blog\/author\/marcelosiqueira\/\"}]}<\/script>\n<!-- \/ Yoast SEO plugin. -->","yoast_head_json":{"title":"Blog da Boavista | Concilia\u00e7\u00e3o Financeira","description":"Uma plataforma de solu\u00e7\u00f5es em concilia\u00e7\u00e3o para uma gest\u00e3o financeira mais inteligente, previs\u00edvel e segura.","robots":{"index":"index","follow":"follow","max-snippet":"max-snippet:-1","max-image-preview":"max-image-preview:large","max-video-preview":"max-video-preview:-1"},"canonical":"https:\/\/boavistatecnologia.com.br\/blog\/desbancarizados-a-vez-dos-sem-banco\/","og_locale":"pt_BR","og_type":"article","og_title":"Blog da Boavista | Concilia\u00e7\u00e3o Financeira","og_description":"Uma plataforma de solu\u00e7\u00f5es em concilia\u00e7\u00e3o para uma gest\u00e3o financeira mais inteligente, previs\u00edvel e segura.","og_url":"https:\/\/boavistatecnologia.com.br\/blog\/desbancarizados-a-vez-dos-sem-banco\/","og_site_name":"Blog da Boavista | Concilia\u00e7\u00e3o Financeira","article_publisher":"https:\/\/www.facebook.com\/BoavistaTecnologia","article_published_time":"2020-10-21T17:15:00+00:00","article_modified_time":"2022-07-22T15:00:27+00:00","og_image":[{"width":748,"height":490,"url":"https:\/\/boavistatecnologia.com.br\/blog\/wp-content\/uploads\/2020\/10\/Desbancarizados-a-vez-dos-sem-bancos-e1603125704335.png","type":"image\/png"}],"author":"Marcelo Siqueira","twitter_card":"summary_large_image","twitter_misc":{"Escrito por":"Marcelo Siqueira","Est. tempo de leitura":"5 minutos"},"schema":{"@context":"https:\/\/schema.org","@graph":[{"@type":"Article","@id":"https:\/\/boavistatecnologia.com.br\/blog\/desbancarizados-a-vez-dos-sem-banco\/#article","isPartOf":{"@id":"https:\/\/boavistatecnologia.com.br\/blog\/desbancarizados-a-vez-dos-sem-banco\/"},"author":{"name":"Marcelo Siqueira","@id":"https:\/\/boavistatecnologia.com.br\/blog\/#\/schema\/person\/0652146dbca5246aa03aea3c6d983381"},"headline":"Desbancarizados: a vez dos &#8220;sem banco&#8221; no mundo financeiro","datePublished":"2020-10-21T17:15:00+00:00","dateModified":"2022-07-22T15:00:27+00:00","mainEntityOfPage":{"@id":"https:\/\/boavistatecnologia.com.br\/blog\/desbancarizados-a-vez-dos-sem-banco\/"},"wordCount":1062,"commentCount":0,"image":{"@id":"https:\/\/boavistatecnologia.com.br\/blog\/desbancarizados-a-vez-dos-sem-banco\/#primaryimage"},"thumbnailUrl":"https:\/\/boavistatecnologia.com.br\/blog\/wp-content\/uploads\/2020\/10\/Desbancarizados-a-vez-dos-sem-bancos-e1603125704335.png","keywords":["bancos digitais","desbancariza\u00e7\u00e3","desbancarizados","open banking","pix"],"articleSection":["Setor banc\u00e1rio"],"inLanguage":"pt-BR","potentialAction":[{"@type":"CommentAction","name":"Comment","target":["https:\/\/boavistatecnologia.com.br\/blog\/desbancarizados-a-vez-dos-sem-banco\/#respond"]}]},{"@type":"WebPage","@id":"https:\/\/boavistatecnologia.com.br\/blog\/desbancarizados-a-vez-dos-sem-banco\/","url":"https:\/\/boavistatecnologia.com.br\/blog\/desbancarizados-a-vez-dos-sem-banco\/","name":"Blog da Boavista | Concilia\u00e7\u00e3o Financeira","isPartOf":{"@id":"https:\/\/boavistatecnologia.com.br\/blog\/#website"},"primaryImageOfPage":{"@id":"https:\/\/boavistatecnologia.com.br\/blog\/desbancarizados-a-vez-dos-sem-banco\/#primaryimage"},"image":{"@id":"https:\/\/boavistatecnologia.com.br\/blog\/desbancarizados-a-vez-dos-sem-banco\/#primaryimage"},"thumbnailUrl":"https:\/\/boavistatecnologia.com.br\/blog\/wp-content\/uploads\/2020\/10\/Desbancarizados-a-vez-dos-sem-bancos-e1603125704335.png","datePublished":"2020-10-21T17:15:00+00:00","dateModified":"2022-07-22T15:00:27+00:00","author":{"@id":"https:\/\/boavistatecnologia.com.br\/blog\/#\/schema\/person\/0652146dbca5246aa03aea3c6d983381"},"description":"Uma plataforma de solu\u00e7\u00f5es em concilia\u00e7\u00e3o para uma gest\u00e3o financeira mais inteligente, previs\u00edvel e segura.","breadcrumb":{"@id":"https:\/\/boavistatecnologia.com.br\/blog\/desbancarizados-a-vez-dos-sem-banco\/#breadcrumb"},"inLanguage":"pt-BR","potentialAction":[{"@type":"ReadAction","target":["https:\/\/boavistatecnologia.com.br\/blog\/desbancarizados-a-vez-dos-sem-banco\/"]}]},{"@type":"ImageObject","inLanguage":"pt-BR","@id":"https:\/\/boavistatecnologia.com.br\/blog\/desbancarizados-a-vez-dos-sem-banco\/#primaryimage","url":"https:\/\/boavistatecnologia.com.br\/blog\/wp-content\/uploads\/2020\/10\/Desbancarizados-a-vez-dos-sem-bancos-e1603125704335.png","contentUrl":"https:\/\/boavistatecnologia.com.br\/blog\/wp-content\/uploads\/2020\/10\/Desbancarizados-a-vez-dos-sem-bancos-e1603125704335.png","width":748,"height":490,"caption":"Desbancarizados: a vez dos sem bancos no setor financeiro"},{"@type":"BreadcrumbList","@id":"https:\/\/boavistatecnologia.com.br\/blog\/desbancarizados-a-vez-dos-sem-banco\/#breadcrumb","itemListElement":[{"@type":"ListItem","position":1,"name":"In\u00edcio","item":"https:\/\/boavistatecnologia.com.br\/blog\/"},{"@type":"ListItem","position":2,"name":"Desbancarizados: a vez dos &#8220;sem banco&#8221; no mundo financeiro"}]},{"@type":"WebSite","@id":"https:\/\/boavistatecnologia.com.br\/blog\/#website","url":"https:\/\/boavistatecnologia.com.br\/blog\/","name":"Blog da Boavista | Concilia\u00e7\u00e3o de Receb\u00edveis","description":"Uma plataforma de solu\u00e7\u00f5es em concilia\u00e7\u00e3o para uma gest\u00e3o de receb\u00edveis mais inteligente, previs\u00edvel e segura.","alternateName":"Blog da Boavista | Concilia\u00e7\u00e3o de Receb\u00edveis","potentialAction":[{"@type":"SearchAction","target":{"@type":"EntryPoint","urlTemplate":"https:\/\/boavistatecnologia.com.br\/blog\/?s={search_term_string}"},"query-input":{"@type":"PropertyValueSpecification","valueRequired":true,"valueName":"search_term_string"}}],"inLanguage":"pt-BR"},{"@type":"Person","@id":"https:\/\/boavistatecnologia.com.br\/blog\/#\/schema\/person\/0652146dbca5246aa03aea3c6d983381","name":"Marcelo Siqueira","image":{"@type":"ImageObject","inLanguage":"pt-BR","@id":"https:\/\/boavistatecnologia.com.br\/blog\/#\/schema\/person\/image\/","url":"https:\/\/boavistatecnologia.com.br\/blog\/wp-content\/uploads\/2022\/07\/marcelo-150x150.png","contentUrl":"https:\/\/boavistatecnologia.com.br\/blog\/wp-content\/uploads\/2022\/07\/marcelo-150x150.png","caption":"Marcelo Siqueira"},"description":"Diretor de Produtos | Boavista Tecnologia","url":"https:\/\/boavistatecnologia.com.br\/blog\/author\/marcelosiqueira\/"}]}},"_links":{"self":[{"href":"https:\/\/boavistatecnologia.com.br\/blog\/wp-json\/wp\/v2\/posts\/4073","targetHints":{"allow":["GET"]}}],"collection":[{"href":"https:\/\/boavistatecnologia.com.br\/blog\/wp-json\/wp\/v2\/posts"}],"about":[{"href":"https:\/\/boavistatecnologia.com.br\/blog\/wp-json\/wp\/v2\/types\/post"}],"author":[{"embeddable":true,"href":"https:\/\/boavistatecnologia.com.br\/blog\/wp-json\/wp\/v2\/users\/8"}],"replies":[{"embeddable":true,"href":"https:\/\/boavistatecnologia.com.br\/blog\/wp-json\/wp\/v2\/comments?post=4073"}],"version-history":[{"count":4,"href":"https:\/\/boavistatecnologia.com.br\/blog\/wp-json\/wp\/v2\/posts\/4073\/revisions"}],"predecessor-version":[{"id":4079,"href":"https:\/\/boavistatecnologia.com.br\/blog\/wp-json\/wp\/v2\/posts\/4073\/revisions\/4079"}],"wp:featuredmedia":[{"embeddable":true,"href":"https:\/\/boavistatecnologia.com.br\/blog\/wp-json\/wp\/v2\/media\/4076"}],"wp:attachment":[{"href":"https:\/\/boavistatecnologia.com.br\/blog\/wp-json\/wp\/v2\/media?parent=4073"}],"wp:term":[{"taxonomy":"category","embeddable":true,"href":"https:\/\/boavistatecnologia.com.br\/blog\/wp-json\/wp\/v2\/categories?post=4073"},{"taxonomy":"post_tag","embeddable":true,"href":"https:\/\/boavistatecnologia.com.br\/blog\/wp-json\/wp\/v2\/tags?post=4073"}],"curies":[{"name":"wp","href":"https:\/\/api.w.org\/{rel}","templated":true}]}}