{"id":4166,"date":"2020-11-23T08:00:00","date_gmt":"2020-11-23T11:00:00","guid":{"rendered":"https:\/\/sitehomolog.boavistatecnologia.com.br\/blog\/?p=4166"},"modified":"2022-07-22T11:59:42","modified_gmt":"2022-07-22T14:59:42","slug":"black-friday-nos-supermercados","status":"publish","type":"post","link":"https:\/\/boavistatecnologia.com.br\/blog\/black-friday-nos-supermercados\/","title":{"rendered":"Black Friday nos supermercados: confira 5 dicas para bombar nas vendas"},"content":{"rendered":"\n<p>O \u00faltimo grande evento do ano para o com\u00e9rcio antes do Natal est\u00e1 chegando: a Black Friday! Cada vez mais presente no varejo brasileiro, a Black Friday nos supermercados pode ser uma grande oportunidade de aumentar as vendas, desde que seja trabalhada da maneira certa.<\/p>\n\n\n\n<p>A seguir, entenda melhor o que \u00e9 essa data comercial e o que voc\u00ea pode fazer para ter o \u00eaxito esperado para o seu supermercado.<\/p>\n\n\n\n<h2 class=\"wp-block-heading\"><strong>O que \u00e9 Black Friday?<\/strong><\/h2>\n\n\n\n<p>A Black Friday \u00e9 uma tradi\u00e7\u00e3o inicialmente americana, que come\u00e7ou a ser chamada assim em meados da d\u00e9cada de 1990. Originalmente, a data marcava o in\u00edcio do per\u00edodo de compras para o Natal e acontecia ap\u00f3s o Dia de A\u00e7\u00e3o de Gra\u00e7as, feriado dos EUA que ocorre na quarta quinta-feira de novembro.<\/p>\n\n\n\n<p>Em 2010, o termo chegou por aqui. A partir de ent\u00e3o, as lojas, principalmente as grandes varejistas, come\u00e7aram a oferecer descontos e promo\u00e7\u00f5es nessa data. N\u00e3o demorou para que isso se espalhasse e, agora, ganhasse adeptos de todos os portes tanto no com\u00e9rcio f\u00edsico quanto no e-commerce.<\/p>\n\n\n\n<h2 class=\"wp-block-heading\"><strong>Qual o impacto da Black Friday na economia?<\/strong><\/h2>\n\n\n\n<p>A Black Friday \u00e9 um momento importante, pois \u00e9 a grande chance de esquentar a economia e mant\u00ea-la assim at\u00e9 o Natal. No ano passado, s\u00f3 o com\u00e9rcio eletr\u00f4nico foi respons\u00e1vel por <a href=\"https:\/\/exame.com\/negocios\/varejo-online-fatura-32-bilhoes-de-reais-na-black-friday\/\">movimentar 3,2 bilh\u00f5es de reais durante o evento<\/a>.<\/p>\n\n\n\n<p>Neste ano, por conta da pandemia, especialistas j\u00e1 cravam que ela tender\u00e1 a ser mais digital do que nunca, no entanto o crescimento no varejo f\u00edsico pode acontecer, mesmo que de forma t\u00edmida. Por isso, tecer as estrat\u00e9gias mais interessantes \u00e9 o que importa.<\/p>\n\n\n\n<p>Essa \u00e9 uma data que aposta mais no volume de vendas do que no alto valor. Portanto, \u00e9 preciso saber dosar muito bem as coisas, para garantir que ser\u00e1 um dia de aumentar os lucros, e n\u00e3o diminui-los.<\/p>\n\n\n\n<h2 class=\"wp-block-heading\"><strong>5 dicas para a Black Friday nos supermercados valer a pena<\/strong><\/h2>\n\n\n\n<p>Os supermercados foram um dos poucos setores que n\u00e3o pararam com a pandemia. Segundo a <a href=\"https:\/\/www.abras.com.br\/economia-e-pesquisa\/indice-de-vendas\/indice-do-mes\/\">Associa\u00e7\u00e3o Brasileira de Supermercados (Abras)<\/a>, no acumulado do ano, houve um incremento de 6,8% de vendas em rela\u00e7\u00e3o ao mesmo per\u00edodo de 2019.<\/p>\n\n\n\n<p>Mas isso n\u00e3o significa que se pode deixar a peteca cair. Com a crise econ\u00f4mica, todos os setores est\u00e3o precisando dar uma sacudida nos seus lucros. Justamente por isso, as empresas estar\u00e3o buscando meios de, mais que se manter, retomar o crescimento, e aplicar tamb\u00e9m a Black Friday nos supermercados \u00e9 uma estrat\u00e9gia para n\u00e3o ir na contram\u00e3o.<\/p>\n\n\n\n<p>Assim, para que o seu mercado tenha uma posi\u00e7\u00e3o de destaque na sua cidade, voc\u00ea precisa seguir as dicas que vamos passar a seguir. Elas v\u00e3o te ajudar a fazer uma Black Friday ainda melhor.<\/p>\n\n\n\n<h3 class=\"wp-block-heading\"><strong>1. Defina seus objetivos<\/strong><\/h3>\n\n\n\n<p>Uma das palavras-chave da Black Friday nos supermercados precisa ser prepara\u00e7\u00e3o. N\u00e3o \u00e9 uma coisa que voc\u00ea decide na quinta-feira, nem mesmo na primeira semana de novembro. Precisa ser planejado com bastante anteced\u00eancia, desde os detalhes de divulga\u00e7\u00e3o at\u00e9 quais ser\u00e3o as promo\u00e7\u00f5es utilizadas.<\/p>\n\n\n\n<p>Parte desse planejamento deve ser decidir os objetivos que voc\u00ea quer atingir na Black Friday. O mais \u00f3bvio, claro, \u00e9 aumentar o n\u00famero das suas vendas. Por\u00e9m, voc\u00ea tamb\u00e9m pode focar em produtos que n\u00e3o tenham muita sa\u00edda, conquistar novos clientes, aumentar engajamento nas suas redes sociais&#8230; <\/p>\n\n\n\n<p>\u00c9 poss\u00edvel conseguir v\u00e1rios resultados, desde que voc\u00ea saiba o que est\u00e1 buscando e desenvolva suas estrat\u00e9gias de acordo com o que precisa.<\/p>\n\n\n\n<h3 class=\"wp-block-heading\"><strong>2. Aposte nos descontos<\/strong><\/h3>\n\n\n\n<p>O que as pessoas mais buscam na Black Friday s\u00e3o descontos expressivos. Ent\u00e3o, trate de oferec\u00ea-los no seu mercado, especialmente em produtos que s\u00e3o naturalmente mais caros.<\/p>\n\n\n\n<p>Por\u00e9m, tome cuidado. Para algumas pessoas, a Black Friday tem fama de ser recheada de descontos falsos, e isso pode dar uma imagem negativa ao seu supermercado.<\/p>\n\n\n\n<p>Traga descontos reais e fa\u00e7a bastante propaganda em cima deles. Com isso, voc\u00ea conseguir\u00e1 um alto volume de vendas. Para que n\u00e3o fique no preju\u00edzo, n\u00e3o se esque\u00e7a de negociar com seu fornecedor e tentar conseguir os insumos por um pre\u00e7o mais justo.<\/p>\n\n\n\n<h3 class=\"wp-block-heading\"><strong>3. Diversifique os meios de pagamentos<\/strong><\/h3>\n\n\n\n<p>Hoje em dia, oferecer facilidades \u00e9 essencial para se destacar em qualquer linha de com\u00e9rcio. Com supermercados, n\u00e3o \u00e9 diferente. Voc\u00ea precisa aceitar os mais diferentes m\u00e9todos de pagamento se quiser conquistar novos clientes e garantir os n\u00fameros expressivos da Black Friday.<\/p>\n\n\n\n<p>\u00c9 importante voc\u00ea estar por dentro da \u00faltima novidade, que \u00e9 o <a href=\"https:\/\/boavistatecnologia.com.br\/blog\/pix-para-empresas\/\">Pix<\/a>, o novo sistema de pagamentos mais pr\u00e1tico e r\u00e1pido. Pela novidade e praticidade, a tend\u00eancia \u00e9 que os clientes estejam inclinados a utilizarem esse novo sistema. Portanto, corra atr\u00e1s para n\u00e3o ficar de fora.<\/p>\n\n\n\n<p>Vale lembrar tamb\u00e9m a ades\u00e3o \u00e0s <a href=\"https:\/\/boavistatecnologia.com.br\/blog\/e-wallets-o-que-sao\/\">carteiras digitais<\/a>, que est\u00e3o crescendo tamb\u00e9m pela praticidade e, em muitos casos, por oferecer vantagens para os clientes.<\/p>\n\n\n\n<h3 class=\"wp-block-heading\"><strong>4. N\u00e3o se esque\u00e7a da divulga\u00e7\u00e3o<\/strong><\/h3>\n\n\n\n<p>Grande parte do destaque da Black Friday vem de boas a\u00e7\u00f5es de divulga\u00e7\u00e3o. Voc\u00ea pode ver que grandes lojas, como <a href=\"https:\/\/boavistatecnologia.com.br\/blog\/estrategias-de-vendas-para-o-varejo\/\">a Magazine Luiza e a Fast Shop<\/a>, apostaram em a\u00e7\u00f5es inovadoras para atrair ainda mais clientes para a sua Black Friday.<\/p>\n\n\n\n<p>A Black Friday nos supermercados pode tamb\u00e9m ser magistral se contar com uma boa estrat\u00e9gia de marketing. Divulgue nas suas redes sociais os descontos que voc\u00ea pretende dar. Fa\u00e7a tamb\u00e9m &#8216;esquentas&#8217;, com promo\u00e7\u00f5es, em prepara\u00e7\u00e3o para a sexta-feira. Fa\u00e7a com que o consumidor sinta que comprar no seu estabelecimento \u00e9 mais vantajoso.<\/p>\n\n\n\n<h3 class=\"wp-block-heading\"><strong>5. Conte com a tecnologia<\/strong><\/h3>\n\n\n\n<p>N\u00e3o s\u00f3 na Black Friday, mas em todos os momentos, a tecnologia \u00e9 a sua melhor amiga. Para o dia de vendas, aposte nas suas redes sociais e em tecnologias de pagamento. Al\u00e9m disso, se voc\u00ea ainda n\u00e3o tem e-commerce, n\u00e3o perca tempo.<\/p>\n\n\n\n<p>Essa ferramenta se tornou indispens\u00e1vel atualmente, principalmente levando em conta a mudan\u00e7a de comportamento durante o isolamento social r\u00edgido, quando as pessoas eram orientadas a n\u00e3o sa\u00edrem de casa. Foi o e-commerce que fez muitos supermercados lidarem com a queda no n\u00famero de clientes.<\/p>\n\n\n\n<p>Al\u00e9m disso, a Black Friday nos supermercados significa tamb\u00e9m um aumento no volume de vendas. Se voc\u00ea ainda n\u00e3o investiu em uma ferramenta de concilia\u00e7\u00e3o, est\u00e1 na hora de fazer isso.<\/p>\n\n\n\n<p>Considere que, caso seu supermercado tenha uma loja virtual, com o aumento de vendas aumentam tamb\u00e9m os chargebacks, algo que pode ser tratado de forma adequada com uma ferramenta conciliadora.<\/p>\n\n\n\n<p>O <a href=\"https:\/\/boavistatecnologia.com.br\/produtos\/e-extrato-card\/\">e-Extrato Card<\/a> permite que voc\u00ea controle todas as vendas, audite as taxas aplicadas pelas operadoras de cart\u00e3o e tenha um melhor acompanhamento dos cancelamentos, chargebacks e parcelas.<\/p>\n\n\n\n<p>E a\u00ed, gostou das nossas dicas? Assine nossa newsletter para ficar por dentro de todos os detalhes e novidades desse ramo! N\u00e3o perca nenhuma not\u00edcia, receba tudo no seu e-mail.<\/p>\n\n\n<div id=\"cta-newsletter-2-7c6ef190a8d5f8ff5fac\" role=\"main\">&nbsp;<\/div>\n<p><script type=\"text\/javascript\" src=\"https:\/\/d335luupugsy2.cloudfront.net\/js\/rdstation-forms\/stable\/rdstation-forms.min.js\"><\/script><br>\n<script type=\"text\/javascript\"> new RDStationForms('cta-newsletter-2-7c6ef190a8d5f8ff5fac', 'UA-63700591-1').createForm();<\/script><\/p>","protected":false},"excerpt":{"rendered":"<p>Supermercados tamb\u00e9m podem aproveitar a data para potencializar suas vendas.<\/p>\n","protected":false},"author":47,"featured_media":4167,"comment_status":"open","ping_status":"open","sticky":false,"template":"","format":"standard","meta":{"_acf_changed":false,"footnotes":""},"categories":[245],"tags":[50,246,242,70],"class_list":["post-4166","post","type-post","status-publish","format-standard","has-post-thumbnail","hentry","category-vendas","tag-automacao-de-processos","tag-black-friday","tag-conciliacao-de-vendas","tag-vendas","use-animation"],"acf":[],"yoast_head":"<!-- This site is optimized with the Yoast SEO plugin v26.8 - https:\/\/yoast.com\/product\/yoast-seo-wordpress\/ -->\n<title>Blog da Boavista | Concilia\u00e7\u00e3o Financeira<\/title>\n<meta name=\"description\" content=\"Uma plataforma de solu\u00e7\u00f5es em concilia\u00e7\u00e3o para uma gest\u00e3o financeira mais inteligente, previs\u00edvel e segura.\" \/>\n<meta name=\"robots\" content=\"index, follow, max-snippet:-1, max-image-preview:large, max-video-preview:-1\" \/>\n<link rel=\"canonical\" href=\"https:\/\/boavistatecnologia.com.br\/blog\/black-friday-nos-supermercados\/\" \/>\n<meta property=\"og:locale\" content=\"pt_BR\" \/>\n<meta property=\"og:type\" content=\"article\" \/>\n<meta property=\"og:title\" content=\"Blog da Boavista | Concilia\u00e7\u00e3o Financeira\" \/>\n<meta property=\"og:description\" content=\"Uma plataforma de solu\u00e7\u00f5es em concilia\u00e7\u00e3o para uma gest\u00e3o financeira mais inteligente, previs\u00edvel e segura.\" \/>\n<meta property=\"og:url\" content=\"https:\/\/boavistatecnologia.com.br\/blog\/black-friday-nos-supermercados\/\" \/>\n<meta property=\"og:site_name\" content=\"Blog da Boavista | Concilia\u00e7\u00e3o Financeira\" \/>\n<meta property=\"article:publisher\" content=\"https:\/\/www.facebook.com\/BoavistaTecnologia\" \/>\n<meta property=\"article:published_time\" content=\"2020-11-23T11:00:00+00:00\" \/>\n<meta property=\"article:modified_time\" content=\"2022-07-22T14:59:42+00:00\" \/>\n<meta property=\"og:image\" content=\"https:\/\/boavistatecnologia.com.br\/blog\/wp-content\/uploads\/2020\/11\/Black-Friday-nos-supermercados-e1605817249171.jpg\" \/>\n\t<meta property=\"og:image:width\" content=\"700\" \/>\n\t<meta property=\"og:image:height\" content=\"525\" \/>\n\t<meta property=\"og:image:type\" content=\"image\/jpeg\" \/>\n<meta name=\"author\" content=\"Marketing Boavista\" \/>\n<meta name=\"twitter:card\" content=\"summary_large_image\" \/>\n<meta name=\"twitter:label1\" content=\"Escrito por\" \/>\n\t<meta name=\"twitter:data1\" content=\"Marketing Boavista\" \/>\n\t<meta name=\"twitter:label2\" content=\"Est. tempo de leitura\" \/>\n\t<meta name=\"twitter:data2\" content=\"6 minutos\" \/>\n<script type=\"application\/ld+json\" class=\"yoast-schema-graph\">{\"@context\":\"https:\/\/schema.org\",\"@graph\":[{\"@type\":\"Article\",\"@id\":\"https:\/\/boavistatecnologia.com.br\/blog\/black-friday-nos-supermercados\/#article\",\"isPartOf\":{\"@id\":\"https:\/\/boavistatecnologia.com.br\/blog\/black-friday-nos-supermercados\/\"},\"author\":{\"name\":\"Marketing Boavista\",\"@id\":\"https:\/\/boavistatecnologia.com.br\/blog\/#\/schema\/person\/c703e75ce638aec84e103f069fbc11f2\"},\"headline\":\"Black Friday nos supermercados: confira 5 dicas para bombar nas vendas\",\"datePublished\":\"2020-11-23T11:00:00+00:00\",\"dateModified\":\"2022-07-22T14:59:42+00:00\",\"mainEntityOfPage\":{\"@id\":\"https:\/\/boavistatecnologia.com.br\/blog\/black-friday-nos-supermercados\/\"},\"wordCount\":1182,\"commentCount\":0,\"image\":{\"@id\":\"https:\/\/boavistatecnologia.com.br\/blog\/black-friday-nos-supermercados\/#primaryimage\"},\"thumbnailUrl\":\"https:\/\/boavistatecnologia.com.br\/blog\/wp-content\/uploads\/2020\/11\/Black-Friday-nos-supermercados-e1605817249171.jpg\",\"keywords\":[\"automa\u00e7\u00e3o de processos\",\"black friday\",\"concilia\u00e7\u00e3o de vendas\",\"vendas\"],\"articleSection\":[\"Vendas\"],\"inLanguage\":\"pt-BR\",\"potentialAction\":[{\"@type\":\"CommentAction\",\"name\":\"Comment\",\"target\":[\"https:\/\/boavistatecnologia.com.br\/blog\/black-friday-nos-supermercados\/#respond\"]}]},{\"@type\":\"WebPage\",\"@id\":\"https:\/\/boavistatecnologia.com.br\/blog\/black-friday-nos-supermercados\/\",\"url\":\"https:\/\/boavistatecnologia.com.br\/blog\/black-friday-nos-supermercados\/\",\"name\":\"Blog da Boavista | Concilia\u00e7\u00e3o Financeira\",\"isPartOf\":{\"@id\":\"https:\/\/boavistatecnologia.com.br\/blog\/#website\"},\"primaryImageOfPage\":{\"@id\":\"https:\/\/boavistatecnologia.com.br\/blog\/black-friday-nos-supermercados\/#primaryimage\"},\"image\":{\"@id\":\"https:\/\/boavistatecnologia.com.br\/blog\/black-friday-nos-supermercados\/#primaryimage\"},\"thumbnailUrl\":\"https:\/\/boavistatecnologia.com.br\/blog\/wp-content\/uploads\/2020\/11\/Black-Friday-nos-supermercados-e1605817249171.jpg\",\"datePublished\":\"2020-11-23T11:00:00+00:00\",\"dateModified\":\"2022-07-22T14:59:42+00:00\",\"author\":{\"@id\":\"https:\/\/boavistatecnologia.com.br\/blog\/#\/schema\/person\/c703e75ce638aec84e103f069fbc11f2\"},\"description\":\"Uma plataforma de solu\u00e7\u00f5es em concilia\u00e7\u00e3o para uma gest\u00e3o financeira mais inteligente, previs\u00edvel e segura.\",\"breadcrumb\":{\"@id\":\"https:\/\/boavistatecnologia.com.br\/blog\/black-friday-nos-supermercados\/#breadcrumb\"},\"inLanguage\":\"pt-BR\",\"potentialAction\":[{\"@type\":\"ReadAction\",\"target\":[\"https:\/\/boavistatecnologia.com.br\/blog\/black-friday-nos-supermercados\/\"]}]},{\"@type\":\"ImageObject\",\"inLanguage\":\"pt-BR\",\"@id\":\"https:\/\/boavistatecnologia.com.br\/blog\/black-friday-nos-supermercados\/#primaryimage\",\"url\":\"https:\/\/boavistatecnologia.com.br\/blog\/wp-content\/uploads\/2020\/11\/Black-Friday-nos-supermercados-e1605817249171.jpg\",\"contentUrl\":\"https:\/\/boavistatecnologia.com.br\/blog\/wp-content\/uploads\/2020\/11\/Black-Friday-nos-supermercados-e1605817249171.jpg\",\"width\":700,\"height\":525,\"caption\":\"Black Friday nos supermercados\"},{\"@type\":\"BreadcrumbList\",\"@id\":\"https:\/\/boavistatecnologia.com.br\/blog\/black-friday-nos-supermercados\/#breadcrumb\",\"itemListElement\":[{\"@type\":\"ListItem\",\"position\":1,\"name\":\"In\u00edcio\",\"item\":\"https:\/\/boavistatecnologia.com.br\/blog\/\"},{\"@type\":\"ListItem\",\"position\":2,\"name\":\"Black Friday nos supermercados: confira 5 dicas para bombar nas vendas\"}]},{\"@type\":\"WebSite\",\"@id\":\"https:\/\/boavistatecnologia.com.br\/blog\/#website\",\"url\":\"https:\/\/boavistatecnologia.com.br\/blog\/\",\"name\":\"Blog da Boavista | Concilia\u00e7\u00e3o de Receb\u00edveis\",\"description\":\"Uma plataforma de solu\u00e7\u00f5es em concilia\u00e7\u00e3o para uma gest\u00e3o de receb\u00edveis mais inteligente, previs\u00edvel e segura.\",\"alternateName\":\"Blog da Boavista | Concilia\u00e7\u00e3o de Receb\u00edveis\",\"potentialAction\":[{\"@type\":\"SearchAction\",\"target\":{\"@type\":\"EntryPoint\",\"urlTemplate\":\"https:\/\/boavistatecnologia.com.br\/blog\/?s={search_term_string}\"},\"query-input\":{\"@type\":\"PropertyValueSpecification\",\"valueRequired\":true,\"valueName\":\"search_term_string\"}}],\"inLanguage\":\"pt-BR\"},{\"@type\":\"Person\",\"@id\":\"https:\/\/boavistatecnologia.com.br\/blog\/#\/schema\/person\/c703e75ce638aec84e103f069fbc11f2\",\"name\":\"Marketing Boavista\",\"image\":{\"@type\":\"ImageObject\",\"inLanguage\":\"pt-BR\",\"@id\":\"https:\/\/boavistatecnologia.com.br\/blog\/#\/schema\/person\/image\/\",\"url\":\"https:\/\/boavistatecnologia.com.br\/blog\/wp-content\/litespeed\/avatar\/ebdb8fc6770243a31b758e23d14e89cc.jpg?ver=1777418190\",\"contentUrl\":\"https:\/\/boavistatecnologia.com.br\/blog\/wp-content\/litespeed\/avatar\/ebdb8fc6770243a31b758e23d14e89cc.jpg?ver=1777418190\",\"caption\":\"Marketing Boavista\"},\"url\":\"https:\/\/boavistatecnologia.com.br\/blog\/author\/marketing\/\"}]}<\/script>\n<!-- \/ Yoast SEO plugin. -->","yoast_head_json":{"title":"Blog da Boavista | Concilia\u00e7\u00e3o Financeira","description":"Uma plataforma de solu\u00e7\u00f5es em concilia\u00e7\u00e3o para uma gest\u00e3o financeira mais inteligente, previs\u00edvel e segura.","robots":{"index":"index","follow":"follow","max-snippet":"max-snippet:-1","max-image-preview":"max-image-preview:large","max-video-preview":"max-video-preview:-1"},"canonical":"https:\/\/boavistatecnologia.com.br\/blog\/black-friday-nos-supermercados\/","og_locale":"pt_BR","og_type":"article","og_title":"Blog da Boavista | Concilia\u00e7\u00e3o Financeira","og_description":"Uma plataforma de solu\u00e7\u00f5es em concilia\u00e7\u00e3o para uma gest\u00e3o financeira mais inteligente, previs\u00edvel e segura.","og_url":"https:\/\/boavistatecnologia.com.br\/blog\/black-friday-nos-supermercados\/","og_site_name":"Blog da Boavista | Concilia\u00e7\u00e3o Financeira","article_publisher":"https:\/\/www.facebook.com\/BoavistaTecnologia","article_published_time":"2020-11-23T11:00:00+00:00","article_modified_time":"2022-07-22T14:59:42+00:00","og_image":[{"width":700,"height":525,"url":"https:\/\/boavistatecnologia.com.br\/blog\/wp-content\/uploads\/2020\/11\/Black-Friday-nos-supermercados-e1605817249171.jpg","type":"image\/jpeg"}],"author":"Marketing Boavista","twitter_card":"summary_large_image","twitter_misc":{"Escrito por":"Marketing Boavista","Est. tempo de leitura":"6 minutos"},"schema":{"@context":"https:\/\/schema.org","@graph":[{"@type":"Article","@id":"https:\/\/boavistatecnologia.com.br\/blog\/black-friday-nos-supermercados\/#article","isPartOf":{"@id":"https:\/\/boavistatecnologia.com.br\/blog\/black-friday-nos-supermercados\/"},"author":{"name":"Marketing Boavista","@id":"https:\/\/boavistatecnologia.com.br\/blog\/#\/schema\/person\/c703e75ce638aec84e103f069fbc11f2"},"headline":"Black Friday nos supermercados: confira 5 dicas para bombar nas vendas","datePublished":"2020-11-23T11:00:00+00:00","dateModified":"2022-07-22T14:59:42+00:00","mainEntityOfPage":{"@id":"https:\/\/boavistatecnologia.com.br\/blog\/black-friday-nos-supermercados\/"},"wordCount":1182,"commentCount":0,"image":{"@id":"https:\/\/boavistatecnologia.com.br\/blog\/black-friday-nos-supermercados\/#primaryimage"},"thumbnailUrl":"https:\/\/boavistatecnologia.com.br\/blog\/wp-content\/uploads\/2020\/11\/Black-Friday-nos-supermercados-e1605817249171.jpg","keywords":["automa\u00e7\u00e3o de processos","black friday","concilia\u00e7\u00e3o de vendas","vendas"],"articleSection":["Vendas"],"inLanguage":"pt-BR","potentialAction":[{"@type":"CommentAction","name":"Comment","target":["https:\/\/boavistatecnologia.com.br\/blog\/black-friday-nos-supermercados\/#respond"]}]},{"@type":"WebPage","@id":"https:\/\/boavistatecnologia.com.br\/blog\/black-friday-nos-supermercados\/","url":"https:\/\/boavistatecnologia.com.br\/blog\/black-friday-nos-supermercados\/","name":"Blog da Boavista | Concilia\u00e7\u00e3o Financeira","isPartOf":{"@id":"https:\/\/boavistatecnologia.com.br\/blog\/#website"},"primaryImageOfPage":{"@id":"https:\/\/boavistatecnologia.com.br\/blog\/black-friday-nos-supermercados\/#primaryimage"},"image":{"@id":"https:\/\/boavistatecnologia.com.br\/blog\/black-friday-nos-supermercados\/#primaryimage"},"thumbnailUrl":"https:\/\/boavistatecnologia.com.br\/blog\/wp-content\/uploads\/2020\/11\/Black-Friday-nos-supermercados-e1605817249171.jpg","datePublished":"2020-11-23T11:00:00+00:00","dateModified":"2022-07-22T14:59:42+00:00","author":{"@id":"https:\/\/boavistatecnologia.com.br\/blog\/#\/schema\/person\/c703e75ce638aec84e103f069fbc11f2"},"description":"Uma plataforma de solu\u00e7\u00f5es em concilia\u00e7\u00e3o para uma gest\u00e3o financeira mais inteligente, previs\u00edvel e segura.","breadcrumb":{"@id":"https:\/\/boavistatecnologia.com.br\/blog\/black-friday-nos-supermercados\/#breadcrumb"},"inLanguage":"pt-BR","potentialAction":[{"@type":"ReadAction","target":["https:\/\/boavistatecnologia.com.br\/blog\/black-friday-nos-supermercados\/"]}]},{"@type":"ImageObject","inLanguage":"pt-BR","@id":"https:\/\/boavistatecnologia.com.br\/blog\/black-friday-nos-supermercados\/#primaryimage","url":"https:\/\/boavistatecnologia.com.br\/blog\/wp-content\/uploads\/2020\/11\/Black-Friday-nos-supermercados-e1605817249171.jpg","contentUrl":"https:\/\/boavistatecnologia.com.br\/blog\/wp-content\/uploads\/2020\/11\/Black-Friday-nos-supermercados-e1605817249171.jpg","width":700,"height":525,"caption":"Black Friday nos supermercados"},{"@type":"BreadcrumbList","@id":"https:\/\/boavistatecnologia.com.br\/blog\/black-friday-nos-supermercados\/#breadcrumb","itemListElement":[{"@type":"ListItem","position":1,"name":"In\u00edcio","item":"https:\/\/boavistatecnologia.com.br\/blog\/"},{"@type":"ListItem","position":2,"name":"Black Friday nos supermercados: confira 5 dicas para bombar nas vendas"}]},{"@type":"WebSite","@id":"https:\/\/boavistatecnologia.com.br\/blog\/#website","url":"https:\/\/boavistatecnologia.com.br\/blog\/","name":"Blog da Boavista | Concilia\u00e7\u00e3o de Receb\u00edveis","description":"Uma plataforma de solu\u00e7\u00f5es em concilia\u00e7\u00e3o para uma gest\u00e3o de receb\u00edveis mais inteligente, previs\u00edvel e segura.","alternateName":"Blog da Boavista | Concilia\u00e7\u00e3o de Receb\u00edveis","potentialAction":[{"@type":"SearchAction","target":{"@type":"EntryPoint","urlTemplate":"https:\/\/boavistatecnologia.com.br\/blog\/?s={search_term_string}"},"query-input":{"@type":"PropertyValueSpecification","valueRequired":true,"valueName":"search_term_string"}}],"inLanguage":"pt-BR"},{"@type":"Person","@id":"https:\/\/boavistatecnologia.com.br\/blog\/#\/schema\/person\/c703e75ce638aec84e103f069fbc11f2","name":"Marketing Boavista","image":{"@type":"ImageObject","inLanguage":"pt-BR","@id":"https:\/\/boavistatecnologia.com.br\/blog\/#\/schema\/person\/image\/","url":"https:\/\/boavistatecnologia.com.br\/blog\/wp-content\/litespeed\/avatar\/ebdb8fc6770243a31b758e23d14e89cc.jpg?ver=1777418190","contentUrl":"https:\/\/boavistatecnologia.com.br\/blog\/wp-content\/litespeed\/avatar\/ebdb8fc6770243a31b758e23d14e89cc.jpg?ver=1777418190","caption":"Marketing Boavista"},"url":"https:\/\/boavistatecnologia.com.br\/blog\/author\/marketing\/"}]}},"_links":{"self":[{"href":"https:\/\/boavistatecnologia.com.br\/blog\/wp-json\/wp\/v2\/posts\/4166","targetHints":{"allow":["GET"]}}],"collection":[{"href":"https:\/\/boavistatecnologia.com.br\/blog\/wp-json\/wp\/v2\/posts"}],"about":[{"href":"https:\/\/boavistatecnologia.com.br\/blog\/wp-json\/wp\/v2\/types\/post"}],"author":[{"embeddable":true,"href":"https:\/\/boavistatecnologia.com.br\/blog\/wp-json\/wp\/v2\/users\/47"}],"replies":[{"embeddable":true,"href":"https:\/\/boavistatecnologia.com.br\/blog\/wp-json\/wp\/v2\/comments?post=4166"}],"version-history":[{"count":2,"href":"https:\/\/boavistatecnologia.com.br\/blog\/wp-json\/wp\/v2\/posts\/4166\/revisions"}],"predecessor-version":[{"id":4170,"href":"https:\/\/boavistatecnologia.com.br\/blog\/wp-json\/wp\/v2\/posts\/4166\/revisions\/4170"}],"wp:featuredmedia":[{"embeddable":true,"href":"https:\/\/boavistatecnologia.com.br\/blog\/wp-json\/wp\/v2\/media\/4167"}],"wp:attachment":[{"href":"https:\/\/boavistatecnologia.com.br\/blog\/wp-json\/wp\/v2\/media?parent=4166"}],"wp:term":[{"taxonomy":"category","embeddable":true,"href":"https:\/\/boavistatecnologia.com.br\/blog\/wp-json\/wp\/v2\/categories?post=4166"},{"taxonomy":"post_tag","embeddable":true,"href":"https:\/\/boavistatecnologia.com.br\/blog\/wp-json\/wp\/v2\/tags?post=4166"}],"curies":[{"name":"wp","href":"https:\/\/api.w.org\/{rel}","templated":true}]}}