{"id":5325,"date":"2022-08-03T09:51:00","date_gmt":"2022-08-03T12:51:00","guid":{"rendered":"https:\/\/sitehomolog.boavistatecnologia.com.br\/blog\/?p=5325"},"modified":"2024-04-23T11:32:55","modified_gmt":"2024-04-23T14:32:55","slug":"vendas-nao-conciliadas","status":"publish","type":"post","link":"https:\/\/boavistatecnologia.com.br\/blog\/vendas-nao-conciliadas\/","title":{"rendered":"Vendas n\u00e3o conciliadas: os impactos negativos em uma empresa"},"content":{"rendered":"\n<p>Voc\u00ea sabe os impactos negativos de vendas n\u00e3o conciliadas? Continue a leitura e entenda mais sobre o assunto.<\/p>\n\n\n\n<p>A concilia\u00e7\u00e3o de vendas \u00e9 uma atividade imprescind\u00edvel para uma boa gest\u00e3o financeira em qualquer empresa, independentemente de sua \u00e1rea de atua\u00e7\u00e3o. Uma empresa que n\u00e3o sabe conciliar suas vendas, dificilmente consegue atingir um n\u00edvel maior de efici\u00eancia e organiza\u00e7\u00e3o.<\/p>\n\n\n\n<p>A concilia\u00e7\u00e3o est\u00e1 atrelada a diversas \u00e1reas presentes na gest\u00e3o empresarial. Todos os tipos de concilia\u00e7\u00e3o s\u00e3o significativamente importantes para qualquer empresa que queira crescer.<\/p>\n\n\n\n<p>Sendo assim, \u00e9 de extrema import\u00e2ncia a an\u00e1lise e a concilia\u00e7\u00e3o de vendas para que uma empresa saiba como agir na hora da tomada de decis\u00e3o, aliando dados a resultados reais.<\/p>\n\n\n\n<p>A seguir, vamos entender melhor o impacto de vendas n\u00e3o conciliadas em um neg\u00f3cio.<\/p>\n\n\n\n<h2 class=\"wp-block-heading\">O que \u00e9 concilia\u00e7\u00e3o de vendas?<\/h2>\n\n\n\n<p>A concilia\u00e7\u00e3o de vendas \u00e9 uma estrat\u00e9gia de gest\u00e3o respons\u00e1vel por comparar informa\u00e7\u00f5es registradas no sistema de vendas de uma empresa com o extrato inferido pelas operadores de cart\u00e3o.<\/p>\n\n\n\n<p>Essa concilia\u00e7\u00e3o pode ser feita para lojas virtuais, como o e-commerce, por exemplo, al\u00e9m de delivery, pagamento online via pix, entre muitos outros. Assim, \u00e9 uma ferramenta completa e abrangente no mercado.<\/p>\n\n\n\n<p>Al\u00e9m disso, a concilia\u00e7\u00e3o de vendas permite ampliar os horizontes do empreendedor, que poder\u00e1 criar previs\u00f5es gerais dos lucros da empresa, al\u00e9m de garantir a seguran\u00e7a na hora de dar o pr\u00f3ximo passo.<\/p>\n\n\n\n<p>Dessa maneira, garante melhor organiza\u00e7\u00e3o, efici\u00eancia e gerenciamento dentro de uma empresa, que, por meio de dados, permite uma tomada de decis\u00e3o mais segura, assertiva e produtiva.<\/p>\n\n\n\n<h2 class=\"wp-block-heading\">Os impactos negativos de vendas n\u00e3o conciliadas<\/h2>\n\n\n\n<p>Uma empresa que n\u00e3o adota uma boa estrat\u00e9gia de concilia\u00e7\u00e3o de vendas, corre o risco de ficar estagnada, sem previs\u00f5es de lucro e avan\u00e7os.<\/p>\n\n\n\n<p>Al\u00e9m disso, vendas n\u00e3o conciliadas favorecem a ocorr\u00eancia de golpes e fraudes, j\u00e1 que n\u00e3o tem a an\u00e1lise real dos dados e pagamentos.<\/p>\n\n\n\n<p>Al\u00e9m disso, sem a <a href=\"https:\/\/gestaoclick.com.br\/blog\/saiba-a-importancia-da-tecnologia-na-gestao-financeira\/\">an\u00e1lise real e automatizada<\/a> dos dados feitos na concilia\u00e7\u00e3o, a empresa n\u00e3o consegue criar previs\u00f5es dos recebimentos&nbsp; para a opera\u00e7\u00e3o de vendas.<\/p>\n\n\n\n<p>Redes de supermercados t\u00eam em comum o grande desafio de realizar a sua concilia\u00e7\u00e3o de vendas de maneira assertiva e produtiva. Isso porque n\u00e3o \u00e9 nada f\u00e1cil fazer a confer\u00eancia de todas as vendas realizadas via cart\u00f5es de cr\u00e9dito ou d\u00e9bito em todas as lojas sem uma ferramenta especializada.<\/p>\n\n\n\n<p>Essa dor estava sendo sentida por uma rede de supermercados de S\u00e3o Paulo, que tem 12 lojas distribu\u00eddas na capital paulista e em outros cinco munic\u00edpios da regi\u00e3o metropolitana. O cen\u00e1rio por l\u00e1 n\u00e3o era nada interessante para o neg\u00f3cio: muita concilia\u00e7\u00e3o para pouca produtividade.<\/p>\n\n\n\n<p>Um \u00f3timo exemplo da import\u00e2ncia da concilia\u00e7\u00e3o de vendas \u00e9 uma rede de supermercados em S\u00e3o Paulo que, ao utilizar uma de nossas solu\u00e7\u00f5es, a concilia\u00e7\u00e3o passou a ser realizada, por op\u00e7\u00e3o, a cada sete dias. Acumular meses de vendas n\u00e3o conciliadas deixou de ser uma dor de cabe\u00e7a para os gestores dessa rede.<\/p>\n\n\n\n<p>Ou seja, \u00e9 imprescind\u00edvel buscar solu\u00e7\u00f5es na \u00e1rea de concilia\u00e7\u00e3o que tragam resultados reais dentro de uma empresa, podendo, assim, elevar o setor financeiro a outro n\u00edvel.<\/p>\n\n\n\n<p>Outro ponto importante a se destacar \u00e9 que, caso n\u00e3o seja feita uma an\u00e1lise minuciosa utilizando a concilia\u00e7\u00e3o de vendas, a empresa n\u00e3o consegue visualizar a cobran\u00e7a de taxas e conferir se estas est\u00e3o corretas.<\/p>\n\n\n\n<p>No geral, a falta de gest\u00e3o de vendas pode prejudicar todo o progresso do neg\u00f3cio, j\u00e1 que n\u00e3o colabora com a rela\u00e7\u00e3o entre fornecedor e cliente, al\u00e9m de n\u00e3o organizar, de fato, os gastos e o lucro.<\/p>\n\n\n\n<h2 class=\"wp-block-heading\">Como eu fa\u00e7o a concilia\u00e7\u00e3o de vendas?<\/h2>\n\n\n\n<p>Para fazer a concilia\u00e7\u00e3o de vendas dentro da empresa, \u00e9 necess\u00e1rio se atentar em alguns pontos essenciais na hora do recolhimento de dados. S\u00e3o estes:<\/p>\n\n\n\n<p>&#8211; Vendas<\/p>\n\n\n\n<p>&#8211; Recebimentos<\/p>\n\n\n\n<p>&#8211; Taxas<\/p>\n\n\n\n<p>&#8211; Chargebacks e descontos<\/p>\n\n\n\n<p>&#8211; Cancelamentos internos<\/p>\n\n\n\n<p>Com esses dados, \u00e9 poss\u00edvel ter uma an\u00e1lise geral dentro da empresa, permitindo fazer a concilia\u00e7\u00e3o de todos os valores gastos e lucros.<\/p>\n\n\n\n<p>Contudo, existem tr\u00eas tipos de concilia\u00e7\u00e3o que, juntas, s\u00e3o aliadas efetivas na hora de gerenciar as vendas, s\u00e3o elas:<\/p>\n\n\n\n<p>&#8211; Concilia\u00e7\u00e3o de vendas: comparar se as vendas registradas no sistema conferem com as informa\u00e7\u00f5es que est\u00e3o na adquirente.<\/p>\n\n\n\n<p>&#8211; Concilia\u00e7\u00e3o de pagamentos: analisar se todos os pagamentos vigentes foram efetuados;<\/p>\n\n\n\n<p>&#8211; Concilia\u00e7\u00e3o banc\u00e1ria: comparar se os valores depositados na conta banc\u00e1ria coincidem com as informa\u00e7\u00f5es dos adquirentes.<\/p>\n\n\n\n<p>Atualmente, esse processo foi automatizado, ou seja, existem empresas e <a href=\"https:\/\/boavistatecnologia.com.br\/produtos\/e-extrato-card\/\">softwares<\/a> capazes de providenciar a concilia\u00e7\u00e3o de vendas e toda a gest\u00e3o financeira para voc\u00ea!<\/p>\n\n\n\n<p>Por isso, a Boavista Tecnologia, por meio de plataforma de gerenciamento, coloca voc\u00ea no centro da gest\u00e3o e otimiza seus resultados! Preencha o formul\u00e1rio abaixo e agende uma demonstra\u00e7\u00e3o!<\/p>\n\n\n\n<p>Agora voc\u00ea j\u00e1 sabe os impactos negativos de vendas n\u00e3o conciliadas. Gostou do conte\u00fado? Ent\u00e3o, compartilhe.<\/p>\n\n\n\n<div role=\"main\" id=\"surfe-formulario-e-cash-aea3af223921e339675f\"><\/div><script type=\"text\/javascript\" src=\"https:\/\/d335luupugsy2.cloudfront.net\/js\/rdstation-forms\/stable\/rdstation-forms.min.js\"><\/script><script type=\"text\/javascript\"> new RDStationForms('surfe-formulario-e-cash-aea3af223921e339675f', 'UA-63700591-1').createForm();<\/script>\n","protected":false},"excerpt":{"rendered":"<p>Entenda quais os impactos negativos que as vendas n\u00e3o conciliadas trazem para uma empresa. <\/p>\n","protected":false},"author":42,"featured_media":3054,"comment_status":"open","ping_status":"open","sticky":false,"template":"","format":"standard","meta":{"_acf_changed":false,"footnotes":""},"categories":[258],"tags":[360,361],"class_list":["post-5325","post","type-post","status-publish","format-standard","has-post-thumbnail","hentry","category-conciliacao-financeira","tag-conciliacaodevendas","tag-conciliacaofinanceira","use-animation"],"acf":[],"yoast_head":"<!-- This site is optimized with the Yoast SEO plugin v26.8 - https:\/\/yoast.com\/product\/yoast-seo-wordpress\/ -->\n<title>Vendas n\u00e3o conciliadas | Blog da Boavista<\/title>\n<meta name=\"description\" content=\"Uma empresa que n\u00e3o sabe conciliar suas vendas, dificilmente consegue atingir um n\u00edvel maior de efici\u00eancia e organiza\u00e7\u00e3o.\" \/>\n<meta name=\"robots\" content=\"index, follow, max-snippet:-1, max-image-preview:large, max-video-preview:-1\" \/>\n<link rel=\"canonical\" href=\"https:\/\/boavistatecnologia.com.br\/blog\/vendas-nao-conciliadas\/\" \/>\n<meta property=\"og:locale\" content=\"pt_BR\" \/>\n<meta property=\"og:type\" content=\"article\" \/>\n<meta property=\"og:title\" content=\"Vendas n\u00e3o conciliadas | Blog da Boavista\" \/>\n<meta property=\"og:description\" content=\"Uma empresa que n\u00e3o sabe conciliar suas vendas, dificilmente consegue atingir um n\u00edvel maior de efici\u00eancia e organiza\u00e7\u00e3o.\" \/>\n<meta property=\"og:url\" content=\"https:\/\/boavistatecnologia.com.br\/blog\/vendas-nao-conciliadas\/\" \/>\n<meta property=\"og:site_name\" content=\"Blog da Boavista | Concilia\u00e7\u00e3o Financeira\" \/>\n<meta property=\"article:publisher\" content=\"https:\/\/www.facebook.com\/BoavistaTecnologia\" \/>\n<meta property=\"article:published_time\" content=\"2022-08-03T12:51:00+00:00\" \/>\n<meta property=\"article:modified_time\" content=\"2024-04-23T14:32:55+00:00\" \/>\n<meta property=\"og:image\" content=\"https:\/\/boavistatecnologia.com.br\/blog\/wp-content\/uploads\/2019\/11\/Voc\u00ea-sabe-como-calcular-a-inadimpl\u00eancia-da-sua-empresa-e1572817086484.jpg\" \/>\n\t<meta property=\"og:image:width\" content=\"845\" \/>\n\t<meta property=\"og:image:height\" content=\"564\" \/>\n\t<meta property=\"og:image:type\" content=\"image\/jpeg\" \/>\n<meta name=\"author\" content=\"Paula Ayres\" \/>\n<meta name=\"twitter:card\" content=\"summary_large_image\" \/>\n<meta name=\"twitter:label1\" content=\"Escrito por\" \/>\n\t<meta name=\"twitter:data1\" content=\"Paula Ayres\" \/>\n\t<meta name=\"twitter:label2\" content=\"Est. tempo de leitura\" \/>\n\t<meta name=\"twitter:data2\" content=\"5 minutos\" \/>\n<script type=\"application\/ld+json\" class=\"yoast-schema-graph\">{\"@context\":\"https:\/\/schema.org\",\"@graph\":[{\"@type\":\"Article\",\"@id\":\"https:\/\/boavistatecnologia.com.br\/blog\/vendas-nao-conciliadas\/#article\",\"isPartOf\":{\"@id\":\"https:\/\/boavistatecnologia.com.br\/blog\/vendas-nao-conciliadas\/\"},\"author\":{\"name\":\"Paula Ayres\",\"@id\":\"https:\/\/boavistatecnologia.com.br\/blog\/#\/schema\/person\/9ec144c2737bc55f0d3f86078dab4c8d\"},\"headline\":\"Vendas n\u00e3o conciliadas: os impactos negativos em uma empresa\",\"datePublished\":\"2022-08-03T12:51:00+00:00\",\"dateModified\":\"2024-04-23T14:32:55+00:00\",\"mainEntityOfPage\":{\"@id\":\"https:\/\/boavistatecnologia.com.br\/blog\/vendas-nao-conciliadas\/\"},\"wordCount\":908,\"commentCount\":0,\"image\":{\"@id\":\"https:\/\/boavistatecnologia.com.br\/blog\/vendas-nao-conciliadas\/#primaryimage\"},\"thumbnailUrl\":\"https:\/\/boavistatecnologia.com.br\/blog\/wp-content\/uploads\/2019\/11\/Voc\u00ea-sabe-como-calcular-a-inadimpl\u00eancia-da-sua-empresa-e1572817086484.jpg\",\"keywords\":[\"#concilia\u00e7\u00e3odevendas\",\"#concilia\u00e7\u00e3ofinanceira\"],\"articleSection\":[\"Concilia\u00e7\u00e3o Financeira\"],\"inLanguage\":\"pt-BR\",\"potentialAction\":[{\"@type\":\"CommentAction\",\"name\":\"Comment\",\"target\":[\"https:\/\/boavistatecnologia.com.br\/blog\/vendas-nao-conciliadas\/#respond\"]}]},{\"@type\":\"WebPage\",\"@id\":\"https:\/\/boavistatecnologia.com.br\/blog\/vendas-nao-conciliadas\/\",\"url\":\"https:\/\/boavistatecnologia.com.br\/blog\/vendas-nao-conciliadas\/\",\"name\":\"Vendas n\u00e3o conciliadas | Blog da Boavista\",\"isPartOf\":{\"@id\":\"https:\/\/boavistatecnologia.com.br\/blog\/#website\"},\"primaryImageOfPage\":{\"@id\":\"https:\/\/boavistatecnologia.com.br\/blog\/vendas-nao-conciliadas\/#primaryimage\"},\"image\":{\"@id\":\"https:\/\/boavistatecnologia.com.br\/blog\/vendas-nao-conciliadas\/#primaryimage\"},\"thumbnailUrl\":\"https:\/\/boavistatecnologia.com.br\/blog\/wp-content\/uploads\/2019\/11\/Voc\u00ea-sabe-como-calcular-a-inadimpl\u00eancia-da-sua-empresa-e1572817086484.jpg\",\"datePublished\":\"2022-08-03T12:51:00+00:00\",\"dateModified\":\"2024-04-23T14:32:55+00:00\",\"author\":{\"@id\":\"https:\/\/boavistatecnologia.com.br\/blog\/#\/schema\/person\/9ec144c2737bc55f0d3f86078dab4c8d\"},\"description\":\"Uma empresa que n\u00e3o sabe conciliar suas vendas, dificilmente consegue atingir um n\u00edvel maior de efici\u00eancia e organiza\u00e7\u00e3o.\",\"breadcrumb\":{\"@id\":\"https:\/\/boavistatecnologia.com.br\/blog\/vendas-nao-conciliadas\/#breadcrumb\"},\"inLanguage\":\"pt-BR\",\"potentialAction\":[{\"@type\":\"ReadAction\",\"target\":[\"https:\/\/boavistatecnologia.com.br\/blog\/vendas-nao-conciliadas\/\"]}]},{\"@type\":\"ImageObject\",\"inLanguage\":\"pt-BR\",\"@id\":\"https:\/\/boavistatecnologia.com.br\/blog\/vendas-nao-conciliadas\/#primaryimage\",\"url\":\"https:\/\/boavistatecnologia.com.br\/blog\/wp-content\/uploads\/2019\/11\/Voc\u00ea-sabe-como-calcular-a-inadimpl\u00eancia-da-sua-empresa-e1572817086484.jpg\",\"contentUrl\":\"https:\/\/boavistatecnologia.com.br\/blog\/wp-content\/uploads\/2019\/11\/Voc\u00ea-sabe-como-calcular-a-inadimpl\u00eancia-da-sua-empresa-e1572817086484.jpg\",\"width\":845,\"height\":564,\"caption\":\"Vendas n\u00e3o conciliadas\"},{\"@type\":\"BreadcrumbList\",\"@id\":\"https:\/\/boavistatecnologia.com.br\/blog\/vendas-nao-conciliadas\/#breadcrumb\",\"itemListElement\":[{\"@type\":\"ListItem\",\"position\":1,\"name\":\"In\u00edcio\",\"item\":\"https:\/\/boavistatecnologia.com.br\/blog\/\"},{\"@type\":\"ListItem\",\"position\":2,\"name\":\"Vendas n\u00e3o conciliadas: os impactos negativos em uma empresa\"}]},{\"@type\":\"WebSite\",\"@id\":\"https:\/\/boavistatecnologia.com.br\/blog\/#website\",\"url\":\"https:\/\/boavistatecnologia.com.br\/blog\/\",\"name\":\"Blog da Boavista | Concilia\u00e7\u00e3o de Receb\u00edveis\",\"description\":\"Uma plataforma de solu\u00e7\u00f5es em concilia\u00e7\u00e3o para uma gest\u00e3o de receb\u00edveis mais inteligente, previs\u00edvel e segura.\",\"alternateName\":\"Blog da Boavista | Concilia\u00e7\u00e3o de Receb\u00edveis\",\"potentialAction\":[{\"@type\":\"SearchAction\",\"target\":{\"@type\":\"EntryPoint\",\"urlTemplate\":\"https:\/\/boavistatecnologia.com.br\/blog\/?s={search_term_string}\"},\"query-input\":{\"@type\":\"PropertyValueSpecification\",\"valueRequired\":true,\"valueName\":\"search_term_string\"}}],\"inLanguage\":\"pt-BR\"},{\"@type\":\"Person\",\"@id\":\"https:\/\/boavistatecnologia.com.br\/blog\/#\/schema\/person\/9ec144c2737bc55f0d3f86078dab4c8d\",\"name\":\"Paula Ayres\",\"image\":{\"@type\":\"ImageObject\",\"inLanguage\":\"pt-BR\",\"@id\":\"https:\/\/boavistatecnologia.com.br\/blog\/#\/schema\/person\/image\/\",\"url\":\"https:\/\/boavistatecnologia.com.br\/blog\/wp-content\/uploads\/2022\/07\/paula-150x150.png\",\"contentUrl\":\"https:\/\/boavistatecnologia.com.br\/blog\/wp-content\/uploads\/2022\/07\/paula-150x150.png\",\"caption\":\"Paula Ayres\"},\"url\":\"https:\/\/boavistatecnologia.com.br\/blog\/author\/paulaayres\/\"}]}<\/script>\n<!-- \/ Yoast SEO plugin. -->","yoast_head_json":{"title":"Vendas n\u00e3o conciliadas | Blog da Boavista","description":"Uma empresa que n\u00e3o sabe conciliar suas vendas, dificilmente consegue atingir um n\u00edvel maior de efici\u00eancia e organiza\u00e7\u00e3o.","robots":{"index":"index","follow":"follow","max-snippet":"max-snippet:-1","max-image-preview":"max-image-preview:large","max-video-preview":"max-video-preview:-1"},"canonical":"https:\/\/boavistatecnologia.com.br\/blog\/vendas-nao-conciliadas\/","og_locale":"pt_BR","og_type":"article","og_title":"Vendas n\u00e3o conciliadas | Blog da Boavista","og_description":"Uma empresa que n\u00e3o sabe conciliar suas vendas, dificilmente consegue atingir um n\u00edvel maior de efici\u00eancia e organiza\u00e7\u00e3o.","og_url":"https:\/\/boavistatecnologia.com.br\/blog\/vendas-nao-conciliadas\/","og_site_name":"Blog da Boavista | Concilia\u00e7\u00e3o Financeira","article_publisher":"https:\/\/www.facebook.com\/BoavistaTecnologia","article_published_time":"2022-08-03T12:51:00+00:00","article_modified_time":"2024-04-23T14:32:55+00:00","og_image":[{"width":845,"height":564,"url":"https:\/\/boavistatecnologia.com.br\/blog\/wp-content\/uploads\/2019\/11\/Voc\u00ea-sabe-como-calcular-a-inadimpl\u00eancia-da-sua-empresa-e1572817086484.jpg","type":"image\/jpeg"}],"author":"Paula Ayres","twitter_card":"summary_large_image","twitter_misc":{"Escrito por":"Paula Ayres","Est. tempo de leitura":"5 minutos"},"schema":{"@context":"https:\/\/schema.org","@graph":[{"@type":"Article","@id":"https:\/\/boavistatecnologia.com.br\/blog\/vendas-nao-conciliadas\/#article","isPartOf":{"@id":"https:\/\/boavistatecnologia.com.br\/blog\/vendas-nao-conciliadas\/"},"author":{"name":"Paula Ayres","@id":"https:\/\/boavistatecnologia.com.br\/blog\/#\/schema\/person\/9ec144c2737bc55f0d3f86078dab4c8d"},"headline":"Vendas n\u00e3o conciliadas: os impactos negativos em uma empresa","datePublished":"2022-08-03T12:51:00+00:00","dateModified":"2024-04-23T14:32:55+00:00","mainEntityOfPage":{"@id":"https:\/\/boavistatecnologia.com.br\/blog\/vendas-nao-conciliadas\/"},"wordCount":908,"commentCount":0,"image":{"@id":"https:\/\/boavistatecnologia.com.br\/blog\/vendas-nao-conciliadas\/#primaryimage"},"thumbnailUrl":"https:\/\/boavistatecnologia.com.br\/blog\/wp-content\/uploads\/2019\/11\/Voc\u00ea-sabe-como-calcular-a-inadimpl\u00eancia-da-sua-empresa-e1572817086484.jpg","keywords":["#concilia\u00e7\u00e3odevendas","#concilia\u00e7\u00e3ofinanceira"],"articleSection":["Concilia\u00e7\u00e3o Financeira"],"inLanguage":"pt-BR","potentialAction":[{"@type":"CommentAction","name":"Comment","target":["https:\/\/boavistatecnologia.com.br\/blog\/vendas-nao-conciliadas\/#respond"]}]},{"@type":"WebPage","@id":"https:\/\/boavistatecnologia.com.br\/blog\/vendas-nao-conciliadas\/","url":"https:\/\/boavistatecnologia.com.br\/blog\/vendas-nao-conciliadas\/","name":"Vendas n\u00e3o conciliadas | Blog da Boavista","isPartOf":{"@id":"https:\/\/boavistatecnologia.com.br\/blog\/#website"},"primaryImageOfPage":{"@id":"https:\/\/boavistatecnologia.com.br\/blog\/vendas-nao-conciliadas\/#primaryimage"},"image":{"@id":"https:\/\/boavistatecnologia.com.br\/blog\/vendas-nao-conciliadas\/#primaryimage"},"thumbnailUrl":"https:\/\/boavistatecnologia.com.br\/blog\/wp-content\/uploads\/2019\/11\/Voc\u00ea-sabe-como-calcular-a-inadimpl\u00eancia-da-sua-empresa-e1572817086484.jpg","datePublished":"2022-08-03T12:51:00+00:00","dateModified":"2024-04-23T14:32:55+00:00","author":{"@id":"https:\/\/boavistatecnologia.com.br\/blog\/#\/schema\/person\/9ec144c2737bc55f0d3f86078dab4c8d"},"description":"Uma empresa que n\u00e3o sabe conciliar suas vendas, dificilmente consegue atingir um n\u00edvel maior de efici\u00eancia e organiza\u00e7\u00e3o.","breadcrumb":{"@id":"https:\/\/boavistatecnologia.com.br\/blog\/vendas-nao-conciliadas\/#breadcrumb"},"inLanguage":"pt-BR","potentialAction":[{"@type":"ReadAction","target":["https:\/\/boavistatecnologia.com.br\/blog\/vendas-nao-conciliadas\/"]}]},{"@type":"ImageObject","inLanguage":"pt-BR","@id":"https:\/\/boavistatecnologia.com.br\/blog\/vendas-nao-conciliadas\/#primaryimage","url":"https:\/\/boavistatecnologia.com.br\/blog\/wp-content\/uploads\/2019\/11\/Voc\u00ea-sabe-como-calcular-a-inadimpl\u00eancia-da-sua-empresa-e1572817086484.jpg","contentUrl":"https:\/\/boavistatecnologia.com.br\/blog\/wp-content\/uploads\/2019\/11\/Voc\u00ea-sabe-como-calcular-a-inadimpl\u00eancia-da-sua-empresa-e1572817086484.jpg","width":845,"height":564,"caption":"Vendas n\u00e3o conciliadas"},{"@type":"BreadcrumbList","@id":"https:\/\/boavistatecnologia.com.br\/blog\/vendas-nao-conciliadas\/#breadcrumb","itemListElement":[{"@type":"ListItem","position":1,"name":"In\u00edcio","item":"https:\/\/boavistatecnologia.com.br\/blog\/"},{"@type":"ListItem","position":2,"name":"Vendas n\u00e3o conciliadas: os impactos negativos em uma empresa"}]},{"@type":"WebSite","@id":"https:\/\/boavistatecnologia.com.br\/blog\/#website","url":"https:\/\/boavistatecnologia.com.br\/blog\/","name":"Blog da Boavista | Concilia\u00e7\u00e3o de Receb\u00edveis","description":"Uma plataforma de solu\u00e7\u00f5es em concilia\u00e7\u00e3o para uma gest\u00e3o de receb\u00edveis mais inteligente, previs\u00edvel e segura.","alternateName":"Blog da Boavista | Concilia\u00e7\u00e3o de Receb\u00edveis","potentialAction":[{"@type":"SearchAction","target":{"@type":"EntryPoint","urlTemplate":"https:\/\/boavistatecnologia.com.br\/blog\/?s={search_term_string}"},"query-input":{"@type":"PropertyValueSpecification","valueRequired":true,"valueName":"search_term_string"}}],"inLanguage":"pt-BR"},{"@type":"Person","@id":"https:\/\/boavistatecnologia.com.br\/blog\/#\/schema\/person\/9ec144c2737bc55f0d3f86078dab4c8d","name":"Paula Ayres","image":{"@type":"ImageObject","inLanguage":"pt-BR","@id":"https:\/\/boavistatecnologia.com.br\/blog\/#\/schema\/person\/image\/","url":"https:\/\/boavistatecnologia.com.br\/blog\/wp-content\/uploads\/2022\/07\/paula-150x150.png","contentUrl":"https:\/\/boavistatecnologia.com.br\/blog\/wp-content\/uploads\/2022\/07\/paula-150x150.png","caption":"Paula Ayres"},"url":"https:\/\/boavistatecnologia.com.br\/blog\/author\/paulaayres\/"}]}},"_links":{"self":[{"href":"https:\/\/boavistatecnologia.com.br\/blog\/wp-json\/wp\/v2\/posts\/5325","targetHints":{"allow":["GET"]}}],"collection":[{"href":"https:\/\/boavistatecnologia.com.br\/blog\/wp-json\/wp\/v2\/posts"}],"about":[{"href":"https:\/\/boavistatecnologia.com.br\/blog\/wp-json\/wp\/v2\/types\/post"}],"author":[{"embeddable":true,"href":"https:\/\/boavistatecnologia.com.br\/blog\/wp-json\/wp\/v2\/users\/42"}],"replies":[{"embeddable":true,"href":"https:\/\/boavistatecnologia.com.br\/blog\/wp-json\/wp\/v2\/comments?post=5325"}],"version-history":[{"count":8,"href":"https:\/\/boavistatecnologia.com.br\/blog\/wp-json\/wp\/v2\/posts\/5325\/revisions"}],"predecessor-version":[{"id":7155,"href":"https:\/\/boavistatecnologia.com.br\/blog\/wp-json\/wp\/v2\/posts\/5325\/revisions\/7155"}],"wp:featuredmedia":[{"embeddable":true,"href":"https:\/\/boavistatecnologia.com.br\/blog\/wp-json\/wp\/v2\/media\/3054"}],"wp:attachment":[{"href":"https:\/\/boavistatecnologia.com.br\/blog\/wp-json\/wp\/v2\/media?parent=5325"}],"wp:term":[{"taxonomy":"category","embeddable":true,"href":"https:\/\/boavistatecnologia.com.br\/blog\/wp-json\/wp\/v2\/categories?post=5325"},{"taxonomy":"post_tag","embeddable":true,"href":"https:\/\/boavistatecnologia.com.br\/blog\/wp-json\/wp\/v2\/tags?post=5325"}],"curies":[{"name":"wp","href":"https:\/\/api.w.org\/{rel}","templated":true}]}}